{"id":1436,"__str__":"EMENDA n\u00ba 1 de 2026","link_detail_backend":"/materia/1436","metadata":{},"numero":1,"ano":2026,"numero_protocolo":null,"data_apresentacao":"2026-01-19","tipo_apresentacao":"O","data_publicacao":"2026-01-19","numero_origem_externa":"01","ano_origem_externa":2026,"data_origem_externa":"2026-01-19","apelido":"","dias_prazo":null,"data_fim_prazo":null,"em_tramitacao":true,"polemica":false,"objeto":"","complementar":false,"ementa":"O Art. 3\u00ba, Caput e os \u00a7\u00a7 1\u00ba, 2\u00ba, 3\u00ba e 4\u00ba recebem a seguinte reda\u00e7\u00e3o: \r\nArt. 3\u00ba Perder\u00e1 o direito ao aux\u00edlio alimenta\u00e7\u00e3o, no m\u00eas, o servidor que faltar ao expediente por 1 (um) ou mais dias de efetivo servi\u00e7o sem justificativa e sem requerimento pr\u00e9vio de compensa\u00e7\u00e3o no banco de horas. \r\n\u00a7 1\u00ba N\u00e3o perder\u00e1 o direito ao aux\u00edlio alimenta\u00e7\u00e3o, o servidor afastado por motivo de doen\u00e7a ou licen\u00e7a maternidade e paternidade.\r\n\u00a72\u00ba A falta ao expediente em qualquer hip\u00f3tese dever\u00e1 ser comunicada por escrito para a chefia imediata, constando os motivos da aus\u00eancia ao trabalho.\r\n\u00a7 3\u00ba A chefia imediata dever\u00e1 encaminhar ao setor de recursos humanos, o comunicado da aus\u00eancia. Se for o caso de doen\u00e7a ou licen\u00e7a maternidade, conforme prev\u00ea a Lei Complementar 113/2022, a justificativa dever\u00e1 estar acompanhada com o atestado m\u00e9dico.\r\n\u00a7 4\u00ba Quando a falta ao expediente ocorrer ap\u00f3s o lan\u00e7amento da folha de pagamento, esta ser\u00e1 considerada para c\u00e1lculo no m\u00eas subsequente.","indexacao":"","observacao":"","resultado":"","texto_original":"http://sapl.anchieta.sc.leg.br/media/sapl/public/materialegislativa/2026/1436/proposta_de_emenda_ao_projeto_de_lei_no01.docx","data_ultima_atualizacao":"2026-01-21T08:21:23.755107-03:00","ip":"179.96.203.189","ultima_edicao":"2026-01-21T08:19:18.106132-03:00","tipo":9,"regime_tramitacao":1,"tipo_origem_externa":9,"local_origem_externa":6,"user":1,"anexadas":[],"autores":[]}