{"id":1461,"__str__":"EMENDA n\u00ba 2 de 2026","link_detail_backend":"/materia/1461","metadata":{},"numero":2,"ano":2026,"numero_protocolo":null,"data_apresentacao":"2026-03-23","tipo_apresentacao":"E","data_publicacao":"2026-03-23","numero_origem_externa":"01","ano_origem_externa":null,"data_origem_externa":"2026-03-23","apelido":"","dias_prazo":null,"data_fim_prazo":null,"em_tramitacao":true,"polemica":false,"objeto":"","complementar":false,"ementa":"Prop\u00f5e a modifica\u00e7\u00e3o dos artigos que seguem:\r\nArt. 4\u00ba A participa\u00e7\u00e3o comprovada, com frequ\u00eancia e aproveitamento, nas capacita\u00e7\u00f5es institu\u00eddas por esta Lei, ser\u00e1 (acrescenta) poder\u00e1 ser considerada forma\u00e7\u00e3o continuada, para fins de pontua\u00e7\u00e3o para progress\u00e3o funcional na carreira do servidor p\u00fablico municipal. Observando as diretrizes da Lei Complementar 111/2022.\r\n\r\nArt. 5\u00ba Os gestores dos \u00f3rg\u00e3os e entidades da administra\u00e7\u00e3o p\u00fablica municipal dever\u00e3o (acrescenta) poder\u00e3o assegurar a libera\u00e7\u00e3o dos servidores, durante o hor\u00e1rio de expediente, para a participa\u00e7\u00e3o nas atividades de capacita\u00e7\u00e3o, sem preju\u00edzo de sua remunera\u00e7\u00e3o ou contagem de tempo de servi\u00e7o.","indexacao":"","observacao":"","resultado":"","texto_original":"http://sapl.anchieta.sc.leg.br/media/sapl/public/materialegislativa/2026/1461/proposta_de_emenda_modificativa_ao_projeto_de_lei_do_legislativo_n12.docx","data_ultima_atualizacao":"2026-03-23T16:25:14.423571-03:00","ip":"179.96.203.189","ultima_edicao":"2026-03-23T16:25:14.207174-03:00","tipo":9,"regime_tramitacao":1,"tipo_origem_externa":9,"local_origem_externa":6,"user":1,"anexadas":[],"autores":[76]}