{"id":606,"__str__":"MO\u00c7\u00c3O n\u00ba 8 de 2020","link_detail_backend":"/materia/606","metadata":{},"numero":8,"ano":2020,"numero_protocolo":null,"data_apresentacao":"2020-03-11","tipo_apresentacao":"E","data_publicacao":null,"numero_origem_externa":"8","ano_origem_externa":2020,"data_origem_externa":"2020-03-11","apelido":"","dias_prazo":null,"data_fim_prazo":null,"em_tramitacao":false,"polemica":null,"objeto":"","complementar":null,"ementa":"Consternados com o falecimento do Sr. Edi Da Silva Pereira popular Mano Preto aos 38 anos de idade, no dia 02 de mar\u00e7o de 2020. Por essa mo\u00e7\u00e3o os vereadores da 13\u00aa Legislatura da C\u00e2mara de Vereadores de Anchieta prestam condol\u00eancias a sua fam\u00edlia.","indexacao":"","observacao":"","resultado":"","texto_original":"http://sapl.anchieta.sc.leg.br/media/sapl/public/materialegislativa/2020/606/mocao_n.008_edi_pereira.docx","data_ultima_atualizacao":"2020-03-11T09:06:59.302697-03:00","ip":"179.96.201.88","ultima_edicao":null,"tipo":7,"regime_tramitacao":2,"tipo_origem_externa":7,"local_origem_externa":3,"user":1,"anexadas":[],"autores":[]}