{"id":658,"__str__":"INDICA\u00c7\u00c3O n\u00ba 17 de 2020","link_detail_backend":"/materia/658","metadata":{},"numero":17,"ano":2020,"numero_protocolo":null,"data_apresentacao":"2020-08-26","tipo_apresentacao":"E","data_publicacao":null,"numero_origem_externa":"17","ano_origem_externa":2020,"data_origem_externa":"2020-08-26","apelido":"","dias_prazo":null,"data_fim_prazo":null,"em_tramitacao":false,"polemica":false,"objeto":"","complementar":false,"ementa":"Indica que o Munic\u00edpio ajuste com a CELESC que est\u00e1 transformando a rede el\u00e9trica na regi\u00e3o da garagem e gramadinho em rede trif\u00e1sica, para preparar e instalar a ilumina\u00e7\u00e3o p\u00fablica em toda a extens\u00e3o do trajeto do cemit\u00e9rio at\u00e9 o Gramadinho.","indexacao":"","observacao":"","resultado":"","texto_original":"http://sapl.anchieta.sc.leg.br/media/sapl/public/materialegislativa/2020/658/indicacao_n-017-bancada_e_mario-iluminacao.docx","data_ultima_atualizacao":"2020-08-26T08:20:42.778876-03:00","ip":"179.96.201.88","ultima_edicao":"2020-08-26T08:20:08.675116-03:00","tipo":8,"regime_tramitacao":2,"tipo_origem_externa":8,"local_origem_externa":3,"user":1,"anexadas":[],"autores":[2,4,7,29,8]}