{"headers": {"id": "ID", "periodo": "Per\u00edodo", "titulo": "Mat\u00e9ria", "autor": "Autor", "ementa": "Ementa", "situacao": "Situa\u00e7\u00e3o"}, "results": [{"id": 1447, "periodo": "ordem dia", "titulo": "PROJETO DE DECRETO LEGISLATIVO n\u00ba 1 de 2026", "autor": "Fabio Kohls do Amaral - Presidente", "ementa": "DISP\u00d5E SOBRE A APROVA\u00c7\u00c3O DAS CONTAS DO MUNIC\u00cdPIO DE ANCHIETA, NO EXERC\u00cdCIO DE 2024, E D\u00c1 OUTRAS PROVID\u00caNCIAS.", "situacao": "N\u00e3o informada"}, {"id": 1447, "periodo": "expediente", "titulo": "PROJETO DE DECRETO LEGISLATIVO n\u00ba 1 de 2026", "autor": "Fabio Kohls do Amaral - Presidente", "ementa": "DISP\u00d5E SOBRE A APROVA\u00c7\u00c3O DAS CONTAS DO MUNIC\u00cdPIO DE ANCHIETA, NO EXERC\u00cdCIO DE 2024, E D\u00c1 OUTRAS PROVID\u00caNCIAS.", "situacao": "N\u00e3o informada"}]}